{"id":1626,"date":"2022-11-10T20:27:22","date_gmt":"2022-11-10T20:27:22","guid":{"rendered":"https:\/\/www.vaikasinternete.lt\/?p=1626"},"modified":"2023-02-17T18:50:58","modified_gmt":"2023-02-17T18:50:58","slug":"rengimo-seimai-asociacija-lytiskumo-ugdyme-svarbu-atskirti-grudus-nuo-pelu","status":"publish","type":"post","link":"https:\/\/vaikasinternete.lt\/?p=1626","title":{"rendered":"Konferencija &#8222;Priklausomyb\u0117 nuo interneto: kaip atpa\u017einti ir pad\u0117ti\u201d 2022 m. gruod\u017eio 2 d. Kaune"},"content":{"rendered":"<div class=\"wp-block-image\">\n<figure class=\"aligncenter size-full is-resized\"><img decoding=\"async\" src=\"https:\/\/www.vaikasinternete.lt\/wp-content\/uploads\/2022\/11\/Kvietimas-2.jpg\" alt=\"\" class=\"wp-image-1754\" width=\"815\" height=\"457\" srcset=\"https:\/\/vaikasinternete.lt\/wp-content\/uploads\/2022\/11\/Kvietimas-2.jpg 960w, https:\/\/vaikasinternete.lt\/wp-content\/uploads\/2022\/11\/Kvietimas-2-300x168.jpg 300w, https:\/\/vaikasinternete.lt\/wp-content\/uploads\/2022\/11\/Kvietimas-2-768x431.jpg 768w\" sizes=\"(max-width: 815px) 100vw, 815px\" \/><\/figure><\/div>\n\n<p style=\"text-align: justify;\"><strong>Gruod\u017eio 2 d., penktadien\u012f, Vytauto Did\u017eiojo Universiteto Did\u017eiojoje Auloje vyks respublikin\u0117 mokslin\u0117-praktin\u0117 konferencija \u201ePriklausomyb\u0117 nuo interneto: kaip atpa\u017einti ir pad\u0117ti\u201d<\/strong>, kurioje bus gilinamos pedagog\u0173, \u0161vietimo pagalbos ir visuomen\u0117s sveikatos specialist\u0173 kompetencijos, leid\u017eian\u010dios atpa\u017einti neigiam\u0105 skaitmenin\u0117s aplinkos poveik\u012f vaikui ir jam pad\u0117ti.<\/p>\n<p class=\"has-text-align-center\" style=\"text-align: center;\"><strong>Registracija \u012f konferencij\u0105 pasibaigusi<\/strong><\/p>\n<p style=\"text-align: justify;\">Nepalanki\u0173 ugdymo veiksni\u0173 ma\u017einimas \u2013 yra mokyklos vaiko gerov\u0117s komisijos kompetencija. Ta\u010diau praktika rodo, jog \u0161vietimo specialistams tr\u016bksta b\u016btin\u0173 \u012fg\u016bd\u017ei\u0173, leid\u017eian\u010di\u0173 atpa\u017einti kompulsyv\u0173 interneto naudojim\u0105, priklausomyb\u0119 nuo skaitmenini\u0173 technologij\u0173 turin\u010dius ar \u017ealingo j\u0173 turinio paveiktus vaikus. Tr\u016bksta ir \u017einojimo k\u0105 ir kaip galima padaryti esamoje situacijoje.<\/p>\n<p style=\"text-align: justify;\">Konferencijos metu ai\u0161kinsim\u0117s kaip atpa\u017einti minimas problemas, o taip pat kokios \u0161vietimo pagalbos reikia mokiniams, turintiems priklausomyb\u0119 nuo interneto, kaip adaptuoti jiems mokymo turin\u012f, kada taikyti individualizuot\u0105 mokym\u0105.<\/p>\n<p style=\"text-align: justify;\">Konferencijos metu bus pristatytas neigiamo skaitmenin\u0117s aplinkos poveikio vaiko asmenybei prevencijos ir ankstyvosios intervencijos mokykloje algoritmas. Bus analizuojamos \u0161iuolaikin\u0117s gr\u0117sm\u0117s asmens psichikos sveikatai, aptariama skaitmenini\u0173 technologij\u0173 \u012ftaka vaik\u0173 ir jaunimo psichikos sveikatai.<\/p>\n<p style=\"text-align: justify;\">Konferencijoje bus pristatyta priklausomyb\u0117s nuo interneto samprata, analizuojami kompulsyv\u0173 interneto naudojim\u0105 \u012ftakojantys\u00a0 psichosocialiniai, socioekonominiai ir demografiniai veiksniai, ai\u0161kinamasi, kada ir kaip interneto naudojimo spektre pereinama nuo sveiko interneto naudojimo iki priklausomybinio elgesio.<\/p>\n<p style=\"text-align: justify;\">Taip pat konferencijoje bus svarstomi specifini\u0173 elgesio priklausomybi\u0173 (lo\u0161im\u0173 ir pornografijos) klausimai, aptariami \u0161i\u0173 priklausomybi\u0173 ir problem\u0173 prevencijos b\u016bdai ir galimyb\u0117s mokykloje.<\/p>\n<p style=\"text-align: justify;\">Prane\u0161imus skaitys VDU Santuokos ir \u0161eimos studij\u0173 centro prof. Birut\u0117 Obelenien\u0117, LSMU Sveikatos psichologijos katedros ved\u0117ja doc. dr. Giedr\u0117 \u0160irvinskien\u0117, gydytojas psichiatras Gintautas Vaito\u0161ka, VU Filosofijos fakulteto Psichologijos instituto profesor\u0117 Roma Jusien\u0117, Rengimo \u0161eimai asociacijos pirmininkas, teisininkas Ram\u016bnas Au\u0161rotas, socialin\u0117 pedagog\u0117, grupi\u0173 konsultant\u0117 Giedr\u0117 Kisiel\u0117.<\/p>\n<p><strong>Vieta:<\/strong>\u00a0VDU Did\u017eioji Aula, Gimnazijos g. 7, Kaunas<br \/><strong>Data ir laikas:<\/strong>\u00a0Gruod\u017eio 2 d. 10:00\u00a0 \u2013 15:30 (su piet\u0173 pertrauka), registracijos prad\u017eia 9:15<br \/><strong>Registracija<\/strong>\u00a0vyksta iki lapkri\u010dio 25 d. Spauskite nuorod\u0105\u00a0<a href=\"https:\/\/docs.google.com\/forms\/d\/e\/1FAIpQLSeo3FRrO7RnVsCp2ArBTiv-cpTmfiJGJ0HnZA5NWZKVVMBRCg\/viewform?fbclid=IwAR1vUeC1EeGBwqLFmoCJw1wct7QPQOKY9h4ayERGakYhTl0jcorp6q81x9Q\" target=\"_blank\" rel=\"noreferrer noopener\">\u010cIA<\/a><br \/>Dalyviams pageidaujant bus i\u0161duodami dalyvavimo konferencijoje pa\u017eym\u0117jimai<\/p>\n<p>Dalyvavimas konferencijoje\u00a0<strong>nemokamas<\/strong>\u00a0(\u012fskaitant ir pietus)<\/p>\n<p><strong>Konferencijos organizatorius<\/strong>\u00a0\u2013 Rengimo \u0161eimai asociacija<br \/><strong>Kontaktai pasiteiravimui:<\/strong> el. p. info@vaikasinternete.lt, mob. 864702839<\/p>\n<p style=\"text-align: justify;\">Konferencija\u00a0<strong>finansuojama<\/strong>\u00a0Visuomen\u0117s sveikatos stiprinimo fondo, kur\u012f administruoja LR Sveikatos apsaugos ministerija, l\u0117\u0161omis<\/p>\n<p style=\"text-align: justify;\"><img decoding=\"async\" class=\"wp-image-1467 aligncenter\" src=\"https:\/\/www.vaikasinternete.lt\/wp-content\/uploads\/2022\/11\/SSF-logas-300x300.png\" alt=\"Valstybinio visuomen\u0117s sveikatos stiprinimo fondo logotipas\" width=\"100\" height=\"100\" \/><\/p>","protected":false},"excerpt":{"rendered":"<p>Gruod\u017eio 2 d., penktadien\u012f, Vytauto Did\u017eiojo Universiteto Did\u017eiojoje Auloje vyks respublikin\u0117 mokslin\u0117-praktin\u0117 konferencija \u201ePriklausomyb\u0117 nuo interneto: kaip atpa\u017einti ir pad\u0117ti\u201d, kurioje bus gilinamos pedagog\u0173, \u0161vietimo pagalbos ir visuomen\u0117s sveikatos specialist\u0173 kompetencijos, leid\u017eian\u010dios atpa\u017einti neigiam\u0105 skaitmenin\u0117s aplinkos poveik\u012f vaikui ir jam pad\u0117ti. Registracija \u012f konferencij\u0105 pasibaigusi Nepalanki\u0173 ugdymo veiksni\u0173 ma\u017einimas \u2013 yra mokyklos vaiko gerov\u0117s komisijos [&hellip;]<\/p>\n","protected":false},"author":1,"featured_media":1627,"comment_status":"closed","ping_status":"closed","sticky":false,"template":"","format":"standard","meta":{"_editorskit_title_hidden":false,"_editorskit_reading_time":1,"_editorskit_is_block_options_detached":false,"_editorskit_block_options_position":"{}","footnotes":""},"categories":[33],"tags":[],"class_list":["post-1626","post","type-post","status-publish","format-standard","has-post-thumbnail","hentry","category-renginiai"],"yoast_head":"<!-- This site is optimized with the Yoast SEO Premium plugin v19.5 (Yoast SEO v23.4) - https:\/\/yoast.com\/wordpress\/plugins\/seo\/ -->\n<title>Konferencija &quot;Priklausomyb\u0117 nuo interneto: kaip atpa\u017einti ir pad\u0117ti\u201d 2022 m. gruod\u017eio 2 d. Kaune - Vaikas internete<\/title>\n<meta name=\"robots\" content=\"index, follow, max-snippet:-1, max-image-preview:large, max-video-preview:-1\" \/>\n<link rel=\"canonical\" href=\"https:\/\/vaikasinternete.lt\/?p=1626\" \/>\n<meta property=\"og:locale\" content=\"lt_LT\" \/>\n<meta property=\"og:type\" content=\"article\" \/>\n<meta property=\"og:title\" content=\"Konferencija &quot;Priklausomyb\u0117 nuo interneto: kaip atpa\u017einti ir pad\u0117ti\u201d 2022 m. gruod\u017eio 2 d. Kaune\" \/>\n<meta property=\"og:description\" content=\"Gruod\u017eio 2 d., penktadien\u012f, Vytauto Did\u017eiojo Universiteto Did\u017eiojoje Auloje vyks respublikin\u0117 mokslin\u0117-praktin\u0117 konferencija \u201ePriklausomyb\u0117 nuo interneto: kaip atpa\u017einti ir pad\u0117ti\u201d, kurioje bus gilinamos pedagog\u0173, \u0161vietimo pagalbos ir visuomen\u0117s sveikatos specialist\u0173 kompetencijos, leid\u017eian\u010dios atpa\u017einti neigiam\u0105 skaitmenin\u0117s aplinkos poveik\u012f vaikui ir jam pad\u0117ti. Registracija \u012f konferencij\u0105 pasibaigusi Nepalanki\u0173 ugdymo veiksni\u0173 ma\u017einimas \u2013 yra mokyklos vaiko gerov\u0117s komisijos [&hellip;]\" \/>\n<meta property=\"og:url\" content=\"https:\/\/vaikasinternete.lt\/?p=1626\" \/>\n<meta property=\"og:site_name\" content=\"Vaikas internete\" \/>\n<meta property=\"article:published_time\" content=\"2022-11-10T20:27:22+00:00\" \/>\n<meta property=\"article:modified_time\" content=\"2023-02-17T18:50:58+00:00\" \/>\n<meta property=\"og:image\" content=\"https:\/\/vaikasinternete.lt\/wp-content\/uploads\/2022\/11\/xavier-mouton-photographie-MRWHSKimBJk-unsplash-scaled-1.webp\" \/>\n\t<meta property=\"og:image:width\" content=\"2048\" \/>\n\t<meta property=\"og:image:height\" content=\"1365\" \/>\n\t<meta property=\"og:image:type\" content=\"image\/webp\" \/>\n<meta name=\"author\" content=\"admin\" \/>\n<meta name=\"twitter:card\" content=\"summary_large_image\" \/>\n<meta name=\"twitter:label1\" content=\"Written by\" \/>\n\t<meta name=\"twitter:data1\" content=\"admin\" \/>\n\t<meta name=\"twitter:label2\" content=\"Est. reading time\" \/>\n\t<meta name=\"twitter:data2\" content=\"3 minut\u0117s\" \/>\n<script type=\"application\/ld+json\" class=\"yoast-schema-graph\">{\"@context\":\"https:\/\/schema.org\",\"@graph\":[{\"@type\":\"WebPage\",\"@id\":\"https:\/\/vaikasinternete.lt\/?p=1626\",\"url\":\"https:\/\/vaikasinternete.lt\/?p=1626\",\"name\":\"Konferencija \\\"Priklausomyb\u0117 nuo interneto: kaip atpa\u017einti ir pad\u0117ti\u201d 2022 m. gruod\u017eio 2 d. Kaune - Vaikas internete\",\"isPartOf\":{\"@id\":\"https:\/\/vaikasinternete.lt\/#website\"},\"primaryImageOfPage\":{\"@id\":\"https:\/\/vaikasinternete.lt\/?p=1626#primaryimage\"},\"image\":{\"@id\":\"https:\/\/vaikasinternete.lt\/?p=1626#primaryimage\"},\"thumbnailUrl\":\"https:\/\/vaikasinternete.lt\/wp-content\/uploads\/2022\/11\/xavier-mouton-photographie-MRWHSKimBJk-unsplash-scaled-1.webp\",\"datePublished\":\"2022-11-10T20:27:22+00:00\",\"dateModified\":\"2023-02-17T18:50:58+00:00\",\"author\":{\"@id\":\"https:\/\/vaikasinternete.lt\/#\/schema\/person\/0fbde3713a64285c496f4a5127968a18\"},\"breadcrumb\":{\"@id\":\"https:\/\/vaikasinternete.lt\/?p=1626#breadcrumb\"},\"inLanguage\":\"lt-LT\",\"potentialAction\":[{\"@type\":\"ReadAction\",\"target\":[\"https:\/\/vaikasinternete.lt\/?p=1626\"]}]},{\"@type\":\"ImageObject\",\"inLanguage\":\"lt-LT\",\"@id\":\"https:\/\/vaikasinternete.lt\/?p=1626#primaryimage\",\"url\":\"https:\/\/vaikasinternete.lt\/wp-content\/uploads\/2022\/11\/xavier-mouton-photographie-MRWHSKimBJk-unsplash-scaled-1.webp\",\"contentUrl\":\"https:\/\/vaikasinternete.lt\/wp-content\/uploads\/2022\/11\/xavier-mouton-photographie-MRWHSKimBJk-unsplash-scaled-1.webp\",\"width\":2048,\"height\":1365,\"caption\":\"Asociatyvi Unsplash nuotrauka\"},{\"@type\":\"BreadcrumbList\",\"@id\":\"https:\/\/vaikasinternete.lt\/?p=1626#breadcrumb\",\"itemListElement\":[{\"@type\":\"ListItem\",\"position\":1,\"name\":\"Home\",\"item\":\"https:\/\/vaikasinternete.lt\/\"},{\"@type\":\"ListItem\",\"position\":2,\"name\":\"Konferencija &#8220;Priklausomyb\u0117 nuo interneto: kaip atpa\u017einti ir pad\u0117ti\u201d 2022 m. gruod\u017eio 2 d. Kaune\"}]},{\"@type\":\"WebSite\",\"@id\":\"https:\/\/vaikasinternete.lt\/#website\",\"url\":\"https:\/\/vaikasinternete.lt\/\",\"name\":\"Vaikas internete\",\"description\":\"Saugesniam rytojui\",\"potentialAction\":[{\"@type\":\"SearchAction\",\"target\":{\"@type\":\"EntryPoint\",\"urlTemplate\":\"https:\/\/vaikasinternete.lt\/?s={search_term_string}\"},\"query-input\":{\"@type\":\"PropertyValueSpecification\",\"valueRequired\":true,\"valueName\":\"search_term_string\"}}],\"inLanguage\":\"lt-LT\"},{\"@type\":\"Person\",\"@id\":\"https:\/\/vaikasinternete.lt\/#\/schema\/person\/0fbde3713a64285c496f4a5127968a18\",\"name\":\"admin\",\"sameAs\":[\"http:\/\/www.vaikasinternete.lt\"],\"url\":\"https:\/\/vaikasinternete.lt\/?author=1\"}]}<\/script>\n<!-- \/ Yoast SEO Premium plugin. -->","yoast_head_json":{"title":"Konferencija \"Priklausomyb\u0117 nuo interneto: kaip atpa\u017einti ir pad\u0117ti\u201d 2022 m. gruod\u017eio 2 d. Kaune - Vaikas internete","robots":{"index":"index","follow":"follow","max-snippet":"max-snippet:-1","max-image-preview":"max-image-preview:large","max-video-preview":"max-video-preview:-1"},"canonical":"https:\/\/vaikasinternete.lt\/?p=1626","og_locale":"lt_LT","og_type":"article","og_title":"Konferencija \"Priklausomyb\u0117 nuo interneto: kaip atpa\u017einti ir pad\u0117ti\u201d 2022 m. gruod\u017eio 2 d. Kaune","og_description":"Gruod\u017eio 2 d., penktadien\u012f, Vytauto Did\u017eiojo Universiteto Did\u017eiojoje Auloje vyks respublikin\u0117 mokslin\u0117-praktin\u0117 konferencija \u201ePriklausomyb\u0117 nuo interneto: kaip atpa\u017einti ir pad\u0117ti\u201d, kurioje bus gilinamos pedagog\u0173, \u0161vietimo pagalbos ir visuomen\u0117s sveikatos specialist\u0173 kompetencijos, leid\u017eian\u010dios atpa\u017einti neigiam\u0105 skaitmenin\u0117s aplinkos poveik\u012f vaikui ir jam pad\u0117ti. Registracija \u012f konferencij\u0105 pasibaigusi Nepalanki\u0173 ugdymo veiksni\u0173 ma\u017einimas \u2013 yra mokyklos vaiko gerov\u0117s komisijos [&hellip;]","og_url":"https:\/\/vaikasinternete.lt\/?p=1626","og_site_name":"Vaikas internete","article_published_time":"2022-11-10T20:27:22+00:00","article_modified_time":"2023-02-17T18:50:58+00:00","og_image":[{"width":2048,"height":1365,"url":"https:\/\/vaikasinternete.lt\/wp-content\/uploads\/2022\/11\/xavier-mouton-photographie-MRWHSKimBJk-unsplash-scaled-1.webp","type":"image\/webp"}],"author":"admin","twitter_card":"summary_large_image","twitter_misc":{"Written by":"admin","Est. reading time":"3 minut\u0117s"},"schema":{"@context":"https:\/\/schema.org","@graph":[{"@type":"WebPage","@id":"https:\/\/vaikasinternete.lt\/?p=1626","url":"https:\/\/vaikasinternete.lt\/?p=1626","name":"Konferencija \"Priklausomyb\u0117 nuo interneto: kaip atpa\u017einti ir pad\u0117ti\u201d 2022 m. gruod\u017eio 2 d. Kaune - Vaikas internete","isPartOf":{"@id":"https:\/\/vaikasinternete.lt\/#website"},"primaryImageOfPage":{"@id":"https:\/\/vaikasinternete.lt\/?p=1626#primaryimage"},"image":{"@id":"https:\/\/vaikasinternete.lt\/?p=1626#primaryimage"},"thumbnailUrl":"https:\/\/vaikasinternete.lt\/wp-content\/uploads\/2022\/11\/xavier-mouton-photographie-MRWHSKimBJk-unsplash-scaled-1.webp","datePublished":"2022-11-10T20:27:22+00:00","dateModified":"2023-02-17T18:50:58+00:00","author":{"@id":"https:\/\/vaikasinternete.lt\/#\/schema\/person\/0fbde3713a64285c496f4a5127968a18"},"breadcrumb":{"@id":"https:\/\/vaikasinternete.lt\/?p=1626#breadcrumb"},"inLanguage":"lt-LT","potentialAction":[{"@type":"ReadAction","target":["https:\/\/vaikasinternete.lt\/?p=1626"]}]},{"@type":"ImageObject","inLanguage":"lt-LT","@id":"https:\/\/vaikasinternete.lt\/?p=1626#primaryimage","url":"https:\/\/vaikasinternete.lt\/wp-content\/uploads\/2022\/11\/xavier-mouton-photographie-MRWHSKimBJk-unsplash-scaled-1.webp","contentUrl":"https:\/\/vaikasinternete.lt\/wp-content\/uploads\/2022\/11\/xavier-mouton-photographie-MRWHSKimBJk-unsplash-scaled-1.webp","width":2048,"height":1365,"caption":"Asociatyvi Unsplash nuotrauka"},{"@type":"BreadcrumbList","@id":"https:\/\/vaikasinternete.lt\/?p=1626#breadcrumb","itemListElement":[{"@type":"ListItem","position":1,"name":"Home","item":"https:\/\/vaikasinternete.lt\/"},{"@type":"ListItem","position":2,"name":"Konferencija &#8220;Priklausomyb\u0117 nuo interneto: kaip atpa\u017einti ir pad\u0117ti\u201d 2022 m. gruod\u017eio 2 d. Kaune"}]},{"@type":"WebSite","@id":"https:\/\/vaikasinternete.lt\/#website","url":"https:\/\/vaikasinternete.lt\/","name":"Vaikas internete","description":"Saugesniam rytojui","potentialAction":[{"@type":"SearchAction","target":{"@type":"EntryPoint","urlTemplate":"https:\/\/vaikasinternete.lt\/?s={search_term_string}"},"query-input":{"@type":"PropertyValueSpecification","valueRequired":true,"valueName":"search_term_string"}}],"inLanguage":"lt-LT"},{"@type":"Person","@id":"https:\/\/vaikasinternete.lt\/#\/schema\/person\/0fbde3713a64285c496f4a5127968a18","name":"admin","sameAs":["http:\/\/www.vaikasinternete.lt"],"url":"https:\/\/vaikasinternete.lt\/?author=1"}]}},"_links":{"self":[{"href":"https:\/\/vaikasinternete.lt\/index.php?rest_route=\/wp\/v2\/posts\/1626"}],"collection":[{"href":"https:\/\/vaikasinternete.lt\/index.php?rest_route=\/wp\/v2\/posts"}],"about":[{"href":"https:\/\/vaikasinternete.lt\/index.php?rest_route=\/wp\/v2\/types\/post"}],"author":[{"embeddable":true,"href":"https:\/\/vaikasinternete.lt\/index.php?rest_route=\/wp\/v2\/users\/1"}],"replies":[{"embeddable":true,"href":"https:\/\/vaikasinternete.lt\/index.php?rest_route=%2Fwp%2Fv2%2Fcomments&post=1626"}],"version-history":[{"count":21,"href":"https:\/\/vaikasinternete.lt\/index.php?rest_route=\/wp\/v2\/posts\/1626\/revisions"}],"predecessor-version":[{"id":1970,"href":"https:\/\/vaikasinternete.lt\/index.php?rest_route=\/wp\/v2\/posts\/1626\/revisions\/1970"}],"wp:featuredmedia":[{"embeddable":true,"href":"https:\/\/vaikasinternete.lt\/index.php?rest_route=\/wp\/v2\/media\/1627"}],"wp:attachment":[{"href":"https:\/\/vaikasinternete.lt\/index.php?rest_route=%2Fwp%2Fv2%2Fmedia&parent=1626"}],"wp:term":[{"taxonomy":"category","embeddable":true,"href":"https:\/\/vaikasinternete.lt\/index.php?rest_route=%2Fwp%2Fv2%2Fcategories&post=1626"},{"taxonomy":"post_tag","embeddable":true,"href":"https:\/\/vaikasinternete.lt\/index.php?rest_route=%2Fwp%2Fv2%2Ftags&post=1626"}],"curies":[{"name":"wp","href":"https:\/\/api.w.org\/{rel}","templated":true}]}}